{"id":2587,"date":"2020-01-14T17:00:07","date_gmt":"2020-01-14T16:00:07","guid":{"rendered":"https:\/\/www.reseau-vivre-la-ville.fr\/?p=2587"},"modified":"2020-10-29T09:23:10","modified_gmt":"2020-10-29T08:23:10","slug":"le-principe-danteriorite-adopte-les-victimes-du-bruit-reduites-au-silence","status":"publish","type":"post","link":"https:\/\/www.reseau-vivre-la-ville.fr\/?p=2587","title":{"rendered":"Le principe d&rsquo;ant\u00e9riorit\u00e9 adopt\u00e9 : les victimes du bruit r\u00e9duites au silence"},"content":{"rendered":"<p>La loi engagement et proximit\u00e9 a \u00e9t\u00e9 promulgu\u00e9e le 27 d\u00e9cembre 2019. Elle comprend un <a href=\"https:\/\/www.reseau-vivre-la-ville.fr\/?p=2494\" rel=\"noopener noreferrer\" target=\"_blank\">amendement r\u00e9dig\u00e9 par Culture Bar-Bars et pr\u00e9sent\u00e9 par Ana\u00efg Le Meur<\/a>, d\u00e9put\u00e9 LREM du Finist\u00e8re qui interdit \u00e0 un habitant victime des nuisances sonores g\u00e9n\u00e9r\u00e9es par un bar de se plaindre d\u00e8s lors que le fauteur de trouble est install\u00e9 avant l&rsquo;arriv\u00e9e de l&rsquo;habitant victime de ces nuisances. Cet amendement a \u00e9t\u00e9 vot\u00e9 par 66 d\u00e9put\u00e9s (sur 567 que compte l&rsquo;Assembl\u00e9e Nationale) contre l&rsquo;avis de la commission et apr\u00e8s <a href=\"https:\/\/www.reseau-vivre-la-ville.fr\/?p=2551\" rel=\"noopener noreferrer\" target=\"_blank\">un d\u00e9bat au cours duquel les d\u00e9put\u00e9s ont montr\u00e9 leur m\u00e9pris pour les victimes des nuisances sonores<\/a>, bel exemple de d\u00e9mocratie.<br \/>\nLe moment choisi pour ce vote \u00e9tait peu propice \u00e0 la mobilisation. <a href=\"https:\/\/www.reseau-vivre-la-ville.fr\/?p=2580\" rel=\"noopener noreferrer\" target=\"_blank\">Nous avons saisi l&rsquo;ensemble des d\u00e9put\u00e9s et des s\u00e9nateurs<\/a> mais n&rsquo;avons trouv\u00e9 que bien peu de soutien. M\u00eame ceux qui disaient nous soutenir n&rsquo;ont pas particip\u00e9 au vote.<br \/>\nLa presse ne s&rsquo;est gu\u00e8re \u00e9mue de cette mesure qui risque d&rsquo;\u00eatre consid\u00e9r\u00e9e par le lobby des bars comme un permis de polluer comme le montrent certaines d\u00e9clarations. Ouest France a m\u00eame titr\u00e9 : <a href=\"https:\/\/www.ouest-france.fr\/pays-de-la-loire\/nantes-44000\/nantes-une-loi-protegera-les-cafes-concerts-8a9dd070-0e0b-11ea-bbfa-aae5e1764f67\" rel=\"noopener noreferrer\" target=\"_blank\">Une loi prot\u00e9gera les caf\u00e9s-concerts<\/a>, reprenant l&rsquo;argumentaire de Culture Bar-Bars et sans r\u00e9fl\u00e9chir un seul instant aux cons\u00e9quences pour les habitants des villes.<br \/>\nSeul le Canard Encha\u00een\u00e9 a vu le danger de cet amendement. Mme Le Meur, faux-nez du lobby des bars, a d&rsquo;ailleurs refus\u00e9 de r\u00e9pondre au journal (Lire l&rsquo;article : <a href=\"https:\/\/www.reseau-vivre-la-ville.fr\/wp-content\/uploads\/2020\/01\/2019-12-31_canard_enchaine.pdf\" target=\"_blank\" rel=\"noopener noreferrer\">un lobby qui travaille la nuit<\/a>).<br \/>\nCharlie Hebdo, quant \u00e0 lui, a exprim\u00e9 son soutien au lobby des bars dans un article dont le titre est clair : <a href=\"https:\/\/www.reseau-vivre-la-ville.fr\/wp-content\/uploads\/2020\/01\/2019-12-24_charlie.pdf\" target=\"_blank\" rel=\"noopener noreferrer\">Principe d&rsquo;ant\u00e9riorit\u00e9 &#8211; Les f\u00eatards font taire leurs nouveaux voisins<\/a>. Charlie Hebdo  insulte une fois de plus les victimes du bruit (voir notre article pr\u00e9c\u00e9dent : <a href=\"https:\/\/www.reseau-vivre-la-ville.fr\/?p=2435\" rel=\"noopener noreferrer\" target=\"_blank\">Quand Charlie Hebdo fait fausse route<\/a>)<\/p>\n<p>Nous publions une lettre ouverte r\u00e9dig\u00e9e \u00e0 l&rsquo;attention de Charlie Hebdo par Daniel EHRET, ancien pr\u00e9sident du Centre Antibruit d\u2019Alsace, militant \u00e9cologiste : <a href=\"https:\/\/www.reseau-vivre-la-ville.fr\/?p=2596\" rel=\"noopener noreferrer\" target=\"_blank\">Nouvelle lettre ouverte \u00e0 Antonio FISCHETTI, porte-plume des profiteurs de la nuit<\/a>.<\/p>\n","protected":false},"excerpt":{"rendered":"<p>La loi engagement et proximit\u00e9 a \u00e9t\u00e9 promulgu\u00e9e le 27 d\u00e9cembre 2019. Elle comprend un amendement r\u00e9dig\u00e9 par Culture Bar-Bars et pr\u00e9sent\u00e9 par Ana\u00efg Le Meur, d\u00e9put\u00e9 LREM du Finist\u00e8re qui interdit \u00e0 un habitant victime des nuisances sonores g\u00e9n\u00e9r\u00e9es par un bar de se plaindre d\u00e8s lors que le fauteur de trouble est install\u00e9 [&hellip;]<\/p>\n","protected":false},"author":7,"featured_media":0,"comment_status":"open","ping_status":"open","sticky":false,"template":"","format":"standard","meta":{"_monsterinsights_skip_tracking":false,"_monsterinsights_sitenote_active":false,"_monsterinsights_sitenote_note":"","_monsterinsights_sitenote_category":0,"footnotes":""},"categories":[2],"tags":[25,10,29,9],"class_list":["post-2587","post","type-post","status-publish","format-standard","hentry","category-actualites","tag-anteriorite","tag-bruit","tag-charlie-hebdo","tag-sante","post-preview"],"yoast_head":"<!-- This site is optimized with the Yoast SEO plugin v27.3 - https:\/\/yoast.com\/product\/yoast-seo-wordpress\/ -->\n<title>Le principe d&#039;ant\u00e9riorit\u00e9 adopt\u00e9 : les victimes du bruit r\u00e9duites au silence - R\u00e9seau Vivre la Ville<\/title>\n<meta name=\"robots\" content=\"index, follow, max-snippet:-1, max-image-preview:large, max-video-preview:-1\" \/>\n<link rel=\"canonical\" href=\"https:\/\/www.reseau-vivre-la-ville.fr\/?p=2587\" \/>\n<meta property=\"og:locale\" content=\"fr_FR\" \/>\n<meta property=\"og:type\" content=\"article\" \/>\n<meta property=\"og:title\" content=\"Le principe d&#039;ant\u00e9riorit\u00e9 adopt\u00e9 : les victimes du bruit r\u00e9duites au silence - R\u00e9seau Vivre la Ville\" \/>\n<meta property=\"og:description\" content=\"La loi engagement et proximit\u00e9 a \u00e9t\u00e9 promulgu\u00e9e le 27 d\u00e9cembre 2019. Elle comprend un amendement r\u00e9dig\u00e9 par Culture Bar-Bars et pr\u00e9sent\u00e9 par Ana\u00efg Le Meur, d\u00e9put\u00e9 LREM du Finist\u00e8re qui interdit \u00e0 un habitant victime des nuisances sonores g\u00e9n\u00e9r\u00e9es par un bar de se plaindre d\u00e8s lors que le fauteur de trouble est install\u00e9 [&hellip;]\" \/>\n<meta property=\"og:url\" content=\"https:\/\/www.reseau-vivre-la-ville.fr\/?p=2587\" \/>\n<meta property=\"og:site_name\" content=\"R\u00e9seau Vivre la Ville\" \/>\n<meta property=\"article:publisher\" content=\"https:\/\/www.facebook.com\/vivrelaville\/\" \/>\n<meta property=\"article:published_time\" content=\"2020-01-14T16:00:07+00:00\" \/>\n<meta property=\"article:modified_time\" content=\"2020-10-29T08:23:10+00:00\" \/>\n<meta name=\"author\" content=\"R\u00e9seau Vivre la Ville\" \/>\n<meta name=\"twitter:card\" content=\"summary_large_image\" \/>\n<meta name=\"twitter:label1\" content=\"\u00c9crit par\" \/>\n\t<meta name=\"twitter:data1\" content=\"R\u00e9seau Vivre la Ville\" \/>\n\t<meta name=\"twitter:label2\" content=\"Dur\u00e9e de lecture estim\u00e9e\" \/>\n\t<meta name=\"twitter:data2\" content=\"2 minutes\" \/>\n<script type=\"application\/ld+json\" class=\"yoast-schema-graph\">{\"@context\":\"https:\\\/\\\/schema.org\",\"@graph\":[{\"@type\":\"Article\",\"@id\":\"https:\\\/\\\/www.reseau-vivre-la-ville.fr\\\/?p=2587#article\",\"isPartOf\":{\"@id\":\"https:\\\/\\\/www.reseau-vivre-la-ville.fr\\\/?p=2587\"},\"author\":{\"name\":\"R\u00e9seau Vivre la Ville\",\"@id\":\"https:\\\/\\\/www.reseau-vivre-la-ville.fr\\\/#\\\/schema\\\/person\\\/ff6d52b376945d96d4e5a13eb3aa1ea7\"},\"headline\":\"Le principe d&rsquo;ant\u00e9riorit\u00e9 adopt\u00e9 : les victimes du bruit r\u00e9duites au silence\",\"datePublished\":\"2020-01-14T16:00:07+00:00\",\"dateModified\":\"2020-10-29T08:23:10+00:00\",\"mainEntityOfPage\":{\"@id\":\"https:\\\/\\\/www.reseau-vivre-la-ville.fr\\\/?p=2587\"},\"wordCount\":385,\"commentCount\":0,\"keywords\":[\"ant\u00e9riorit\u00e9\",\"bruit\",\"Charlie Hebdo\",\"sant\u00e9\"],\"articleSection\":[\"Actualit\u00e9s\"],\"inLanguage\":\"fr-FR\",\"potentialAction\":[{\"@type\":\"CommentAction\",\"name\":\"Comment\",\"target\":[\"https:\\\/\\\/www.reseau-vivre-la-ville.fr\\\/?p=2587#respond\"]}]},{\"@type\":\"WebPage\",\"@id\":\"https:\\\/\\\/www.reseau-vivre-la-ville.fr\\\/?p=2587\",\"url\":\"https:\\\/\\\/www.reseau-vivre-la-ville.fr\\\/?p=2587\",\"name\":\"Le principe d'ant\u00e9riorit\u00e9 adopt\u00e9 : les victimes du bruit r\u00e9duites au silence - R\u00e9seau Vivre la Ville\",\"isPartOf\":{\"@id\":\"https:\\\/\\\/www.reseau-vivre-la-ville.fr\\\/#website\"},\"datePublished\":\"2020-01-14T16:00:07+00:00\",\"dateModified\":\"2020-10-29T08:23:10+00:00\",\"author\":{\"@id\":\"https:\\\/\\\/www.reseau-vivre-la-ville.fr\\\/#\\\/schema\\\/person\\\/ff6d52b376945d96d4e5a13eb3aa1ea7\"},\"breadcrumb\":{\"@id\":\"https:\\\/\\\/www.reseau-vivre-la-ville.fr\\\/?p=2587#breadcrumb\"},\"inLanguage\":\"fr-FR\",\"potentialAction\":[{\"@type\":\"ReadAction\",\"target\":[\"https:\\\/\\\/www.reseau-vivre-la-ville.fr\\\/?p=2587\"]}]},{\"@type\":\"BreadcrumbList\",\"@id\":\"https:\\\/\\\/www.reseau-vivre-la-ville.fr\\\/?p=2587#breadcrumb\",\"itemListElement\":[{\"@type\":\"ListItem\",\"position\":1,\"name\":\"Accueil\",\"item\":\"https:\\\/\\\/www.reseau-vivre-la-ville.fr\\\/\"},{\"@type\":\"ListItem\",\"position\":2,\"name\":\"Le principe d'ant\u00e9riorit\u00e9 adopt\u00e9 : les victimes du bruit r\u00e9duites au silence\"}]},{\"@type\":\"WebSite\",\"@id\":\"https:\\\/\\\/www.reseau-vivre-la-ville.fr\\\/#website\",\"url\":\"https:\\\/\\\/www.reseau-vivre-la-ville.fr\\\/\",\"name\":\"R\u00e9seau Vivre la Ville\",\"description\":\"\",\"potentialAction\":[{\"@type\":\"SearchAction\",\"target\":{\"@type\":\"EntryPoint\",\"urlTemplate\":\"https:\\\/\\\/www.reseau-vivre-la-ville.fr\\\/?s={search_term_string}\"},\"query-input\":{\"@type\":\"PropertyValueSpecification\",\"valueRequired\":true,\"valueName\":\"search_term_string\"}}],\"inLanguage\":\"fr-FR\"},{\"@type\":\"Person\",\"@id\":\"https:\\\/\\\/www.reseau-vivre-la-ville.fr\\\/#\\\/schema\\\/person\\\/ff6d52b376945d96d4e5a13eb3aa1ea7\",\"name\":\"R\u00e9seau Vivre la Ville\",\"image\":{\"@type\":\"ImageObject\",\"inLanguage\":\"fr-FR\",\"@id\":\"https:\\\/\\\/secure.gravatar.com\\\/avatar\\\/0051eff0a7375f9badfbe2beaa48e588416a94053cda51fd9be611d4f09c40ea?s=96&d=mm&r=g\",\"url\":\"https:\\\/\\\/secure.gravatar.com\\\/avatar\\\/0051eff0a7375f9badfbe2beaa48e588416a94053cda51fd9be611d4f09c40ea?s=96&d=mm&r=g\",\"contentUrl\":\"https:\\\/\\\/secure.gravatar.com\\\/avatar\\\/0051eff0a7375f9badfbe2beaa48e588416a94053cda51fd9be611d4f09c40ea?s=96&d=mm&r=g\",\"caption\":\"R\u00e9seau Vivre la Ville\"},\"sameAs\":[\"https:\\\/\\\/www.reseau-vivre-la-ville.fr\\\/\"]}]}<\/script>\n<!-- \/ Yoast SEO plugin. -->","yoast_head_json":{"title":"Le principe d'ant\u00e9riorit\u00e9 adopt\u00e9 : les victimes du bruit r\u00e9duites au silence - R\u00e9seau Vivre la Ville","robots":{"index":"index","follow":"follow","max-snippet":"max-snippet:-1","max-image-preview":"max-image-preview:large","max-video-preview":"max-video-preview:-1"},"canonical":"https:\/\/www.reseau-vivre-la-ville.fr\/?p=2587","og_locale":"fr_FR","og_type":"article","og_title":"Le principe d'ant\u00e9riorit\u00e9 adopt\u00e9 : les victimes du bruit r\u00e9duites au silence - R\u00e9seau Vivre la Ville","og_description":"La loi engagement et proximit\u00e9 a \u00e9t\u00e9 promulgu\u00e9e le 27 d\u00e9cembre 2019. Elle comprend un amendement r\u00e9dig\u00e9 par Culture Bar-Bars et pr\u00e9sent\u00e9 par Ana\u00efg Le Meur, d\u00e9put\u00e9 LREM du Finist\u00e8re qui interdit \u00e0 un habitant victime des nuisances sonores g\u00e9n\u00e9r\u00e9es par un bar de se plaindre d\u00e8s lors que le fauteur de trouble est install\u00e9 [&hellip;]","og_url":"https:\/\/www.reseau-vivre-la-ville.fr\/?p=2587","og_site_name":"R\u00e9seau Vivre la Ville","article_publisher":"https:\/\/www.facebook.com\/vivrelaville\/","article_published_time":"2020-01-14T16:00:07+00:00","article_modified_time":"2020-10-29T08:23:10+00:00","author":"R\u00e9seau Vivre la Ville","twitter_card":"summary_large_image","twitter_misc":{"\u00c9crit par":"R\u00e9seau Vivre la Ville","Dur\u00e9e de lecture estim\u00e9e":"2 minutes"},"schema":{"@context":"https:\/\/schema.org","@graph":[{"@type":"Article","@id":"https:\/\/www.reseau-vivre-la-ville.fr\/?p=2587#article","isPartOf":{"@id":"https:\/\/www.reseau-vivre-la-ville.fr\/?p=2587"},"author":{"name":"R\u00e9seau Vivre la Ville","@id":"https:\/\/www.reseau-vivre-la-ville.fr\/#\/schema\/person\/ff6d52b376945d96d4e5a13eb3aa1ea7"},"headline":"Le principe d&rsquo;ant\u00e9riorit\u00e9 adopt\u00e9 : les victimes du bruit r\u00e9duites au silence","datePublished":"2020-01-14T16:00:07+00:00","dateModified":"2020-10-29T08:23:10+00:00","mainEntityOfPage":{"@id":"https:\/\/www.reseau-vivre-la-ville.fr\/?p=2587"},"wordCount":385,"commentCount":0,"keywords":["ant\u00e9riorit\u00e9","bruit","Charlie Hebdo","sant\u00e9"],"articleSection":["Actualit\u00e9s"],"inLanguage":"fr-FR","potentialAction":[{"@type":"CommentAction","name":"Comment","target":["https:\/\/www.reseau-vivre-la-ville.fr\/?p=2587#respond"]}]},{"@type":"WebPage","@id":"https:\/\/www.reseau-vivre-la-ville.fr\/?p=2587","url":"https:\/\/www.reseau-vivre-la-ville.fr\/?p=2587","name":"Le principe d'ant\u00e9riorit\u00e9 adopt\u00e9 : les victimes du bruit r\u00e9duites au silence - R\u00e9seau Vivre la Ville","isPartOf":{"@id":"https:\/\/www.reseau-vivre-la-ville.fr\/#website"},"datePublished":"2020-01-14T16:00:07+00:00","dateModified":"2020-10-29T08:23:10+00:00","author":{"@id":"https:\/\/www.reseau-vivre-la-ville.fr\/#\/schema\/person\/ff6d52b376945d96d4e5a13eb3aa1ea7"},"breadcrumb":{"@id":"https:\/\/www.reseau-vivre-la-ville.fr\/?p=2587#breadcrumb"},"inLanguage":"fr-FR","potentialAction":[{"@type":"ReadAction","target":["https:\/\/www.reseau-vivre-la-ville.fr\/?p=2587"]}]},{"@type":"BreadcrumbList","@id":"https:\/\/www.reseau-vivre-la-ville.fr\/?p=2587#breadcrumb","itemListElement":[{"@type":"ListItem","position":1,"name":"Accueil","item":"https:\/\/www.reseau-vivre-la-ville.fr\/"},{"@type":"ListItem","position":2,"name":"Le principe d'ant\u00e9riorit\u00e9 adopt\u00e9 : les victimes du bruit r\u00e9duites au silence"}]},{"@type":"WebSite","@id":"https:\/\/www.reseau-vivre-la-ville.fr\/#website","url":"https:\/\/www.reseau-vivre-la-ville.fr\/","name":"R\u00e9seau Vivre la Ville","description":"","potentialAction":[{"@type":"SearchAction","target":{"@type":"EntryPoint","urlTemplate":"https:\/\/www.reseau-vivre-la-ville.fr\/?s={search_term_string}"},"query-input":{"@type":"PropertyValueSpecification","valueRequired":true,"valueName":"search_term_string"}}],"inLanguage":"fr-FR"},{"@type":"Person","@id":"https:\/\/www.reseau-vivre-la-ville.fr\/#\/schema\/person\/ff6d52b376945d96d4e5a13eb3aa1ea7","name":"R\u00e9seau Vivre la Ville","image":{"@type":"ImageObject","inLanguage":"fr-FR","@id":"https:\/\/secure.gravatar.com\/avatar\/0051eff0a7375f9badfbe2beaa48e588416a94053cda51fd9be611d4f09c40ea?s=96&d=mm&r=g","url":"https:\/\/secure.gravatar.com\/avatar\/0051eff0a7375f9badfbe2beaa48e588416a94053cda51fd9be611d4f09c40ea?s=96&d=mm&r=g","contentUrl":"https:\/\/secure.gravatar.com\/avatar\/0051eff0a7375f9badfbe2beaa48e588416a94053cda51fd9be611d4f09c40ea?s=96&d=mm&r=g","caption":"R\u00e9seau Vivre la Ville"},"sameAs":["https:\/\/www.reseau-vivre-la-ville.fr\/"]}]}},"_links":{"self":[{"href":"https:\/\/www.reseau-vivre-la-ville.fr\/index.php?rest_route=\/wp\/v2\/posts\/2587","targetHints":{"allow":["GET"]}}],"collection":[{"href":"https:\/\/www.reseau-vivre-la-ville.fr\/index.php?rest_route=\/wp\/v2\/posts"}],"about":[{"href":"https:\/\/www.reseau-vivre-la-ville.fr\/index.php?rest_route=\/wp\/v2\/types\/post"}],"author":[{"embeddable":true,"href":"https:\/\/www.reseau-vivre-la-ville.fr\/index.php?rest_route=\/wp\/v2\/users\/7"}],"replies":[{"embeddable":true,"href":"https:\/\/www.reseau-vivre-la-ville.fr\/index.php?rest_route=%2Fwp%2Fv2%2Fcomments&post=2587"}],"version-history":[{"count":9,"href":"https:\/\/www.reseau-vivre-la-ville.fr\/index.php?rest_route=\/wp\/v2\/posts\/2587\/revisions"}],"predecessor-version":[{"id":2861,"href":"https:\/\/www.reseau-vivre-la-ville.fr\/index.php?rest_route=\/wp\/v2\/posts\/2587\/revisions\/2861"}],"wp:attachment":[{"href":"https:\/\/www.reseau-vivre-la-ville.fr\/index.php?rest_route=%2Fwp%2Fv2%2Fmedia&parent=2587"}],"wp:term":[{"taxonomy":"category","embeddable":true,"href":"https:\/\/www.reseau-vivre-la-ville.fr\/index.php?rest_route=%2Fwp%2Fv2%2Fcategories&post=2587"},{"taxonomy":"post_tag","embeddable":true,"href":"https:\/\/www.reseau-vivre-la-ville.fr\/index.php?rest_route=%2Fwp%2Fv2%2Ftags&post=2587"}],"curies":[{"name":"wp","href":"https:\/\/api.w.org\/{rel}","templated":true}]}}