{"id":2542,"date":"2019-12-06T12:54:13","date_gmt":"2019-12-06T11:54:13","guid":{"rendered":"https:\/\/www.reseau-vivre-la-ville.fr\/?p=2542"},"modified":"2020-10-29T09:22:46","modified_gmt":"2020-10-29T08:22:46","slug":"anteriorite-deux-deputes-lrem-nous-soutiennent","status":"publish","type":"post","link":"https:\/\/www.reseau-vivre-la-ville.fr\/?p=2542","title":{"rendered":"Ant\u00e9riorit\u00e9 : deux d\u00e9put\u00e9s LREM nous soutiennent"},"content":{"rendered":"\r\n<a href=\"https:\/\/www.reseau-vivre-la-ville.fr\/wp-content\/uploads\/2019\/12\/rupin.jpg\"><img loading=\"lazy\" decoding=\"async\" src=\"https:\/\/www.reseau-vivre-la-ville.fr\/wp-content\/uploads\/2019\/12\/rupin.jpg\" title=\"\u00a9 Assembl\u00e9e Nationale \" width=\"150\" height=\"192\" class=\"alignleft size-full wp-image-2545\" \/><\/a><p>Pac\u00f4me Rupin, d\u00e9put\u00e9 LREM de la 7\u00e8me circonscription de Paris (4\u00e8me arr. + parties des 11\u00e8me et 12\u00e8me), que nous avions rencontr\u00e9 et au pr\u00e8s duquel nous avions \u00e9voqu\u00e9 les craintes des habitants face \u00e0 l&rsquo;amendement Le Meur sur l&rsquo;ant\u00e9riorit\u00e9 nous a assur\u00e9 de son soutien.<\/p>\r\n\r\n\r\n\r\n<p>Son message est tr\u00e8s clair. Cet amendement aurait les cons\u00e9quences suivantes :<\/p>\r\n\r\n\r\n\r\n<ul class=\"wp-block-list\"><li>il ferait \u00ab\u00a0fuir les familles des centres urbains\u00a0\u00bb<\/li><li>\u00ab\u00a0une personne qui s&rsquo;installe dans un logement, avec un bar pr\u00e9existant au pied de l&rsquo;immeuble, aura moins de capacit\u00e9 \u00e0 se d\u00e9fendre contre les nuisances puisqu&rsquo;elle \u00e9tait cens\u00e9e savoir \u00e0 quoi s&rsquo;attendre\u00a0\u00bb<\/li><li>il \u00ab\u00a0diminuerait la capacit\u00e9 des \u00e9lus \u00e0 encourager la mixit\u00e9 sociale et \u00e9conomique dans les quartiers, et d\u00e9dier exclusivement \u00e0 la f\u00eate des zones enti\u00e8res\u00a0\u00bb<\/li><\/ul>\r\n\r\n\r\n\r\n<p>Il nous a assur\u00e9 se d\u00e9solidariser de cet amendement et qu&rsquo;il voterait contre. Nous l&rsquo;en remercions.<\/p>\r\n\r\n\r\n\r\n<p><a rel=\"noreferrer noopener\" aria-label=\"Le texte int\u00e9gral de sa r\u00e9ponse (s\u2019ouvre dans un nouvel onglet)\" href=\"https:\/\/www.reseau-vivre-paris.fr\/wp-content\/uploads\/2019\/12\/2019-12-06_rupin_anteriorite_reponse.pdf\" target=\"_blank\">Le texte int\u00e9gral de la r\u00e9ponse de Pac\u00f4me Rupin<\/a><\/p>\r\n\r\n\r\n\r\n<hr class=\"wp-block-separator\"\/>\r\n\r\n\r\n\r\n<a href=\"https:\/\/www.reseau-vivre-la-ville.fr\/wp-content\/uploads\/2019\/12\/rossi.jpg\"><img loading=\"lazy\" decoding=\"async\" src=\"https:\/\/www.reseau-vivre-la-ville.fr\/wp-content\/uploads\/2019\/12\/rossi.jpg\" title=\"\u00a9 Assembl\u00e9e Nationale \" width=\"150\" height=\"192\" class=\"alignright size-full wp-image-2546\" \/><\/a><p>Laurianne Rossi, d\u00e9put\u00e9e LREM des Hauts-de-Seine (Bagneux, Malakoff, Montrouge) et Pr\u00e9sidente du Conseil National du Bruit (CNB), que nous avions saisi par mail nous a r\u00e9pondu, nous assurant \u00e9galement de son soutien. <\/p>\r\n\r\n\r\n\r\n<p>Elle tient \u00e0 nous \u00ab\u00a0assurer de sa mobilisation quant au retrait de cette disposition &#8230; et esp\u00e8re vivement sa suppression\u00a0\u00bb. Selon elle, l&rsquo;adoption de cet amendement \u00ab\u00a0serait en effet un tr\u00e8s mauvais signal adress\u00e9 aux \u00e9tablissements d\u2019activit\u00e9s culturelles, touristiques et sportives, \u00e0 l\u2019heure o\u00f9 la lutte contre la pollution sonore doit tous nous mobiliser et o\u00f9 elle conna\u00eet un nouvel \u00e9lan\u00a0\u00bb.<\/p>\r\n\r\n\r\n\r\n<p>Nous le remercions pour sa position.<\/p>\r\n\r\n\r\n\r\n<p><a href=\"https:\/\/www.reseau-vivre-paris.fr\/wp-content\/uploads\/2019\/12\/2019-12-05_rossi_anteriorite_reponse.pdf\" target=\"_blank\" rel=\"noreferrer noopener\" aria-label=\" (s\u2019ouvre dans un nouvel onglet)\">Le texte int\u00e9gral de la r\u00e9ponse de Laurianne Rossi<\/a><\/p>\r\n","protected":false},"excerpt":{"rendered":"<p>Pac\u00f4me Rupin, d\u00e9put\u00e9 LREM de la 7\u00e8me circonscription de Paris (4\u00e8me arr. + parties des 11\u00e8me et 12\u00e8me), que nous avions rencontr\u00e9 et au pr\u00e8s duquel nous avions \u00e9voqu\u00e9 les craintes des habitants face \u00e0 l&rsquo;amendement Le Meur sur l&rsquo;ant\u00e9riorit\u00e9 nous a assur\u00e9 de son soutien. Son message est tr\u00e8s clair. Cet amendement aurait les [&hellip;]<\/p>\n","protected":false},"author":7,"featured_media":0,"comment_status":"open","ping_status":"open","sticky":false,"template":"","format":"standard","meta":{"_monsterinsights_skip_tracking":false,"_monsterinsights_sitenote_active":false,"_monsterinsights_sitenote_note":"","_monsterinsights_sitenote_category":0,"footnotes":""},"categories":[2],"tags":[25,10,23,24,27,26],"class_list":["post-2542","post","type-post","status-publish","format-standard","hentry","category-actualites","tag-anteriorite","tag-bruit","tag-le-gendre","tag-le-meur","tag-rossi","tag-rupin","post-preview"],"yoast_head":"<!-- This site is optimized with the Yoast SEO plugin v27.3 - https:\/\/yoast.com\/product\/yoast-seo-wordpress\/ -->\n<title>Ant\u00e9riorit\u00e9 : deux d\u00e9put\u00e9s LREM nous soutiennent - R\u00e9seau Vivre la Ville<\/title>\n<meta name=\"robots\" content=\"index, follow, max-snippet:-1, max-image-preview:large, max-video-preview:-1\" \/>\n<link rel=\"canonical\" href=\"https:\/\/www.reseau-vivre-la-ville.fr\/?p=2542\" \/>\n<meta property=\"og:locale\" content=\"fr_FR\" \/>\n<meta property=\"og:type\" content=\"article\" \/>\n<meta property=\"og:title\" content=\"Ant\u00e9riorit\u00e9 : deux d\u00e9put\u00e9s LREM nous soutiennent - R\u00e9seau Vivre la Ville\" \/>\n<meta property=\"og:description\" content=\"Pac\u00f4me Rupin, d\u00e9put\u00e9 LREM de la 7\u00e8me circonscription de Paris (4\u00e8me arr. + parties des 11\u00e8me et 12\u00e8me), que nous avions rencontr\u00e9 et au pr\u00e8s duquel nous avions \u00e9voqu\u00e9 les craintes des habitants face \u00e0 l&rsquo;amendement Le Meur sur l&rsquo;ant\u00e9riorit\u00e9 nous a assur\u00e9 de son soutien. Son message est tr\u00e8s clair. Cet amendement aurait les [&hellip;]\" \/>\n<meta property=\"og:url\" content=\"https:\/\/www.reseau-vivre-la-ville.fr\/?p=2542\" \/>\n<meta property=\"og:site_name\" content=\"R\u00e9seau Vivre la Ville\" \/>\n<meta property=\"article:publisher\" content=\"https:\/\/www.facebook.com\/vivrelaville\/\" \/>\n<meta property=\"article:published_time\" content=\"2019-12-06T11:54:13+00:00\" \/>\n<meta property=\"article:modified_time\" content=\"2020-10-29T08:22:46+00:00\" \/>\n<meta property=\"og:image\" content=\"https:\/\/www.reseau-vivre-la-ville.fr\/wp-content\/uploads\/2019\/12\/rupin.jpg\" \/>\n<meta name=\"author\" content=\"R\u00e9seau Vivre la Ville\" \/>\n<meta name=\"twitter:card\" content=\"summary_large_image\" \/>\n<meta name=\"twitter:label1\" content=\"\u00c9crit par\" \/>\n\t<meta name=\"twitter:data1\" content=\"R\u00e9seau Vivre la Ville\" \/>\n\t<meta name=\"twitter:label2\" content=\"Dur\u00e9e de lecture estim\u00e9e\" \/>\n\t<meta name=\"twitter:data2\" content=\"1 minute\" \/>\n<script type=\"application\/ld+json\" class=\"yoast-schema-graph\">{\"@context\":\"https:\\\/\\\/schema.org\",\"@graph\":[{\"@type\":\"Article\",\"@id\":\"https:\\\/\\\/www.reseau-vivre-la-ville.fr\\\/?p=2542#article\",\"isPartOf\":{\"@id\":\"https:\\\/\\\/www.reseau-vivre-la-ville.fr\\\/?p=2542\"},\"author\":{\"name\":\"R\u00e9seau Vivre la Ville\",\"@id\":\"https:\\\/\\\/www.reseau-vivre-la-ville.fr\\\/#\\\/schema\\\/person\\\/ff6d52b376945d96d4e5a13eb3aa1ea7\"},\"headline\":\"Ant\u00e9riorit\u00e9 : deux d\u00e9put\u00e9s LREM nous soutiennent\",\"datePublished\":\"2019-12-06T11:54:13+00:00\",\"dateModified\":\"2020-10-29T08:22:46+00:00\",\"mainEntityOfPage\":{\"@id\":\"https:\\\/\\\/www.reseau-vivre-la-ville.fr\\\/?p=2542\"},\"wordCount\":292,\"commentCount\":0,\"image\":{\"@id\":\"https:\\\/\\\/www.reseau-vivre-la-ville.fr\\\/?p=2542#primaryimage\"},\"thumbnailUrl\":\"https:\\\/\\\/www.reseau-vivre-la-ville.fr\\\/wp-content\\\/uploads\\\/2019\\\/12\\\/rupin.jpg\",\"keywords\":[\"ant\u00e9riorit\u00e9\",\"bruit\",\"Le Gendre\",\"Le Meur\",\"Rossi\",\"Rupin\"],\"articleSection\":[\"Actualit\u00e9s\"],\"inLanguage\":\"fr-FR\",\"potentialAction\":[{\"@type\":\"CommentAction\",\"name\":\"Comment\",\"target\":[\"https:\\\/\\\/www.reseau-vivre-la-ville.fr\\\/?p=2542#respond\"]}]},{\"@type\":\"WebPage\",\"@id\":\"https:\\\/\\\/www.reseau-vivre-la-ville.fr\\\/?p=2542\",\"url\":\"https:\\\/\\\/www.reseau-vivre-la-ville.fr\\\/?p=2542\",\"name\":\"Ant\u00e9riorit\u00e9 : deux d\u00e9put\u00e9s LREM nous soutiennent - R\u00e9seau Vivre la Ville\",\"isPartOf\":{\"@id\":\"https:\\\/\\\/www.reseau-vivre-la-ville.fr\\\/#website\"},\"primaryImageOfPage\":{\"@id\":\"https:\\\/\\\/www.reseau-vivre-la-ville.fr\\\/?p=2542#primaryimage\"},\"image\":{\"@id\":\"https:\\\/\\\/www.reseau-vivre-la-ville.fr\\\/?p=2542#primaryimage\"},\"thumbnailUrl\":\"https:\\\/\\\/www.reseau-vivre-la-ville.fr\\\/wp-content\\\/uploads\\\/2019\\\/12\\\/rupin.jpg\",\"datePublished\":\"2019-12-06T11:54:13+00:00\",\"dateModified\":\"2020-10-29T08:22:46+00:00\",\"author\":{\"@id\":\"https:\\\/\\\/www.reseau-vivre-la-ville.fr\\\/#\\\/schema\\\/person\\\/ff6d52b376945d96d4e5a13eb3aa1ea7\"},\"breadcrumb\":{\"@id\":\"https:\\\/\\\/www.reseau-vivre-la-ville.fr\\\/?p=2542#breadcrumb\"},\"inLanguage\":\"fr-FR\",\"potentialAction\":[{\"@type\":\"ReadAction\",\"target\":[\"https:\\\/\\\/www.reseau-vivre-la-ville.fr\\\/?p=2542\"]}]},{\"@type\":\"ImageObject\",\"inLanguage\":\"fr-FR\",\"@id\":\"https:\\\/\\\/www.reseau-vivre-la-ville.fr\\\/?p=2542#primaryimage\",\"url\":\"https:\\\/\\\/www.reseau-vivre-la-ville.fr\\\/wp-content\\\/uploads\\\/2019\\\/12\\\/rupin.jpg\",\"contentUrl\":\"https:\\\/\\\/www.reseau-vivre-la-ville.fr\\\/wp-content\\\/uploads\\\/2019\\\/12\\\/rupin.jpg\"},{\"@type\":\"BreadcrumbList\",\"@id\":\"https:\\\/\\\/www.reseau-vivre-la-ville.fr\\\/?p=2542#breadcrumb\",\"itemListElement\":[{\"@type\":\"ListItem\",\"position\":1,\"name\":\"Accueil\",\"item\":\"https:\\\/\\\/www.reseau-vivre-la-ville.fr\\\/\"},{\"@type\":\"ListItem\",\"position\":2,\"name\":\"Ant\u00e9riorit\u00e9 : deux d\u00e9put\u00e9s LREM nous soutiennent\"}]},{\"@type\":\"WebSite\",\"@id\":\"https:\\\/\\\/www.reseau-vivre-la-ville.fr\\\/#website\",\"url\":\"https:\\\/\\\/www.reseau-vivre-la-ville.fr\\\/\",\"name\":\"R\u00e9seau Vivre la Ville\",\"description\":\"\",\"potentialAction\":[{\"@type\":\"SearchAction\",\"target\":{\"@type\":\"EntryPoint\",\"urlTemplate\":\"https:\\\/\\\/www.reseau-vivre-la-ville.fr\\\/?s={search_term_string}\"},\"query-input\":{\"@type\":\"PropertyValueSpecification\",\"valueRequired\":true,\"valueName\":\"search_term_string\"}}],\"inLanguage\":\"fr-FR\"},{\"@type\":\"Person\",\"@id\":\"https:\\\/\\\/www.reseau-vivre-la-ville.fr\\\/#\\\/schema\\\/person\\\/ff6d52b376945d96d4e5a13eb3aa1ea7\",\"name\":\"R\u00e9seau Vivre la Ville\",\"image\":{\"@type\":\"ImageObject\",\"inLanguage\":\"fr-FR\",\"@id\":\"https:\\\/\\\/secure.gravatar.com\\\/avatar\\\/0051eff0a7375f9badfbe2beaa48e588416a94053cda51fd9be611d4f09c40ea?s=96&d=mm&r=g\",\"url\":\"https:\\\/\\\/secure.gravatar.com\\\/avatar\\\/0051eff0a7375f9badfbe2beaa48e588416a94053cda51fd9be611d4f09c40ea?s=96&d=mm&r=g\",\"contentUrl\":\"https:\\\/\\\/secure.gravatar.com\\\/avatar\\\/0051eff0a7375f9badfbe2beaa48e588416a94053cda51fd9be611d4f09c40ea?s=96&d=mm&r=g\",\"caption\":\"R\u00e9seau Vivre la Ville\"},\"sameAs\":[\"https:\\\/\\\/www.reseau-vivre-la-ville.fr\\\/\"]}]}<\/script>\n<!-- \/ Yoast SEO plugin. -->","yoast_head_json":{"title":"Ant\u00e9riorit\u00e9 : deux d\u00e9put\u00e9s LREM nous soutiennent - R\u00e9seau Vivre la Ville","robots":{"index":"index","follow":"follow","max-snippet":"max-snippet:-1","max-image-preview":"max-image-preview:large","max-video-preview":"max-video-preview:-1"},"canonical":"https:\/\/www.reseau-vivre-la-ville.fr\/?p=2542","og_locale":"fr_FR","og_type":"article","og_title":"Ant\u00e9riorit\u00e9 : deux d\u00e9put\u00e9s LREM nous soutiennent - R\u00e9seau Vivre la Ville","og_description":"Pac\u00f4me Rupin, d\u00e9put\u00e9 LREM de la 7\u00e8me circonscription de Paris (4\u00e8me arr. + parties des 11\u00e8me et 12\u00e8me), que nous avions rencontr\u00e9 et au pr\u00e8s duquel nous avions \u00e9voqu\u00e9 les craintes des habitants face \u00e0 l&rsquo;amendement Le Meur sur l&rsquo;ant\u00e9riorit\u00e9 nous a assur\u00e9 de son soutien. Son message est tr\u00e8s clair. Cet amendement aurait les [&hellip;]","og_url":"https:\/\/www.reseau-vivre-la-ville.fr\/?p=2542","og_site_name":"R\u00e9seau Vivre la Ville","article_publisher":"https:\/\/www.facebook.com\/vivrelaville\/","article_published_time":"2019-12-06T11:54:13+00:00","article_modified_time":"2020-10-29T08:22:46+00:00","og_image":[{"url":"https:\/\/www.reseau-vivre-la-ville.fr\/wp-content\/uploads\/2019\/12\/rupin.jpg","type":"","width":"","height":""}],"author":"R\u00e9seau Vivre la Ville","twitter_card":"summary_large_image","twitter_misc":{"\u00c9crit par":"R\u00e9seau Vivre la Ville","Dur\u00e9e de lecture estim\u00e9e":"1 minute"},"schema":{"@context":"https:\/\/schema.org","@graph":[{"@type":"Article","@id":"https:\/\/www.reseau-vivre-la-ville.fr\/?p=2542#article","isPartOf":{"@id":"https:\/\/www.reseau-vivre-la-ville.fr\/?p=2542"},"author":{"name":"R\u00e9seau Vivre la Ville","@id":"https:\/\/www.reseau-vivre-la-ville.fr\/#\/schema\/person\/ff6d52b376945d96d4e5a13eb3aa1ea7"},"headline":"Ant\u00e9riorit\u00e9 : deux d\u00e9put\u00e9s LREM nous soutiennent","datePublished":"2019-12-06T11:54:13+00:00","dateModified":"2020-10-29T08:22:46+00:00","mainEntityOfPage":{"@id":"https:\/\/www.reseau-vivre-la-ville.fr\/?p=2542"},"wordCount":292,"commentCount":0,"image":{"@id":"https:\/\/www.reseau-vivre-la-ville.fr\/?p=2542#primaryimage"},"thumbnailUrl":"https:\/\/www.reseau-vivre-la-ville.fr\/wp-content\/uploads\/2019\/12\/rupin.jpg","keywords":["ant\u00e9riorit\u00e9","bruit","Le Gendre","Le Meur","Rossi","Rupin"],"articleSection":["Actualit\u00e9s"],"inLanguage":"fr-FR","potentialAction":[{"@type":"CommentAction","name":"Comment","target":["https:\/\/www.reseau-vivre-la-ville.fr\/?p=2542#respond"]}]},{"@type":"WebPage","@id":"https:\/\/www.reseau-vivre-la-ville.fr\/?p=2542","url":"https:\/\/www.reseau-vivre-la-ville.fr\/?p=2542","name":"Ant\u00e9riorit\u00e9 : deux d\u00e9put\u00e9s LREM nous soutiennent - R\u00e9seau Vivre la Ville","isPartOf":{"@id":"https:\/\/www.reseau-vivre-la-ville.fr\/#website"},"primaryImageOfPage":{"@id":"https:\/\/www.reseau-vivre-la-ville.fr\/?p=2542#primaryimage"},"image":{"@id":"https:\/\/www.reseau-vivre-la-ville.fr\/?p=2542#primaryimage"},"thumbnailUrl":"https:\/\/www.reseau-vivre-la-ville.fr\/wp-content\/uploads\/2019\/12\/rupin.jpg","datePublished":"2019-12-06T11:54:13+00:00","dateModified":"2020-10-29T08:22:46+00:00","author":{"@id":"https:\/\/www.reseau-vivre-la-ville.fr\/#\/schema\/person\/ff6d52b376945d96d4e5a13eb3aa1ea7"},"breadcrumb":{"@id":"https:\/\/www.reseau-vivre-la-ville.fr\/?p=2542#breadcrumb"},"inLanguage":"fr-FR","potentialAction":[{"@type":"ReadAction","target":["https:\/\/www.reseau-vivre-la-ville.fr\/?p=2542"]}]},{"@type":"ImageObject","inLanguage":"fr-FR","@id":"https:\/\/www.reseau-vivre-la-ville.fr\/?p=2542#primaryimage","url":"https:\/\/www.reseau-vivre-la-ville.fr\/wp-content\/uploads\/2019\/12\/rupin.jpg","contentUrl":"https:\/\/www.reseau-vivre-la-ville.fr\/wp-content\/uploads\/2019\/12\/rupin.jpg"},{"@type":"BreadcrumbList","@id":"https:\/\/www.reseau-vivre-la-ville.fr\/?p=2542#breadcrumb","itemListElement":[{"@type":"ListItem","position":1,"name":"Accueil","item":"https:\/\/www.reseau-vivre-la-ville.fr\/"},{"@type":"ListItem","position":2,"name":"Ant\u00e9riorit\u00e9 : deux d\u00e9put\u00e9s LREM nous soutiennent"}]},{"@type":"WebSite","@id":"https:\/\/www.reseau-vivre-la-ville.fr\/#website","url":"https:\/\/www.reseau-vivre-la-ville.fr\/","name":"R\u00e9seau Vivre la Ville","description":"","potentialAction":[{"@type":"SearchAction","target":{"@type":"EntryPoint","urlTemplate":"https:\/\/www.reseau-vivre-la-ville.fr\/?s={search_term_string}"},"query-input":{"@type":"PropertyValueSpecification","valueRequired":true,"valueName":"search_term_string"}}],"inLanguage":"fr-FR"},{"@type":"Person","@id":"https:\/\/www.reseau-vivre-la-ville.fr\/#\/schema\/person\/ff6d52b376945d96d4e5a13eb3aa1ea7","name":"R\u00e9seau Vivre la Ville","image":{"@type":"ImageObject","inLanguage":"fr-FR","@id":"https:\/\/secure.gravatar.com\/avatar\/0051eff0a7375f9badfbe2beaa48e588416a94053cda51fd9be611d4f09c40ea?s=96&d=mm&r=g","url":"https:\/\/secure.gravatar.com\/avatar\/0051eff0a7375f9badfbe2beaa48e588416a94053cda51fd9be611d4f09c40ea?s=96&d=mm&r=g","contentUrl":"https:\/\/secure.gravatar.com\/avatar\/0051eff0a7375f9badfbe2beaa48e588416a94053cda51fd9be611d4f09c40ea?s=96&d=mm&r=g","caption":"R\u00e9seau Vivre la Ville"},"sameAs":["https:\/\/www.reseau-vivre-la-ville.fr\/"]}]}},"_links":{"self":[{"href":"https:\/\/www.reseau-vivre-la-ville.fr\/index.php?rest_route=\/wp\/v2\/posts\/2542","targetHints":{"allow":["GET"]}}],"collection":[{"href":"https:\/\/www.reseau-vivre-la-ville.fr\/index.php?rest_route=\/wp\/v2\/posts"}],"about":[{"href":"https:\/\/www.reseau-vivre-la-ville.fr\/index.php?rest_route=\/wp\/v2\/types\/post"}],"author":[{"embeddable":true,"href":"https:\/\/www.reseau-vivre-la-ville.fr\/index.php?rest_route=\/wp\/v2\/users\/7"}],"replies":[{"embeddable":true,"href":"https:\/\/www.reseau-vivre-la-ville.fr\/index.php?rest_route=%2Fwp%2Fv2%2Fcomments&post=2542"}],"version-history":[{"count":6,"href":"https:\/\/www.reseau-vivre-la-ville.fr\/index.php?rest_route=\/wp\/v2\/posts\/2542\/revisions"}],"predecessor-version":[{"id":2550,"href":"https:\/\/www.reseau-vivre-la-ville.fr\/index.php?rest_route=\/wp\/v2\/posts\/2542\/revisions\/2550"}],"wp:attachment":[{"href":"https:\/\/www.reseau-vivre-la-ville.fr\/index.php?rest_route=%2Fwp%2Fv2%2Fmedia&parent=2542"}],"wp:term":[{"taxonomy":"category","embeddable":true,"href":"https:\/\/www.reseau-vivre-la-ville.fr\/index.php?rest_route=%2Fwp%2Fv2%2Fcategories&post=2542"},{"taxonomy":"post_tag","embeddable":true,"href":"https:\/\/www.reseau-vivre-la-ville.fr\/index.php?rest_route=%2Fwp%2Fv2%2Ftags&post=2542"}],"curies":[{"name":"wp","href":"https:\/\/api.w.org\/{rel}","templated":true}]}}