{"id":2494,"date":"2019-11-29T19:14:24","date_gmt":"2019-11-29T18:14:24","guid":{"rendered":"https:\/\/www.reseau-vivre-la-ville.fr\/?p=2494"},"modified":"2020-10-29T09:22:31","modified_gmt":"2020-10-29T08:22:31","slug":"des-deputes-au-service-du-lobby-des-bars","status":"publish","type":"post","link":"https:\/\/www.reseau-vivre-la-ville.fr\/?p=2494","title":{"rendered":"Des d\u00e9put\u00e9s au service du lobby des bars"},"content":{"rendered":"<p><a href=\"https:\/\/www.reseau-vivre-la-ville.fr\/wp-content\/uploads\/2019\/11\/oberkampf.png\"><img loading=\"lazy\" decoding=\"async\" src=\"https:\/\/www.reseau-vivre-la-ville.fr\/wp-content\/uploads\/2019\/11\/oberkampf-300x225.png\" alt=\"\" width=\"300\" height=\"225\" class=\"alignleft size-medium wp-image-2496\" srcset=\"https:\/\/www.reseau-vivre-la-ville.fr\/wp-content\/uploads\/2019\/11\/oberkampf-300x225.png 300w, https:\/\/www.reseau-vivre-la-ville.fr\/wp-content\/uploads\/2019\/11\/oberkampf.png 500w\" sizes=\"auto, (max-width: 300px) 100vw, 300px\" \/><\/a>Depuis des ann\u00e9es le lobby des bars et leurs alli\u00e9s tentent de faire modifier le cadre l\u00e9gislatif en mati\u00e8re de nuisances sonores. C\u00f4t\u00e9 lobby nous trouvons Culture Bar-Bars et c\u00f4t\u00e9 politique tout d&rsquo;abord Sandrine Mazetier* (d\u00e9put\u00e9e PS de Paris), Fr\u00e9d\u00e9ric Hocquard** (maire-adjoint de Paris PS charg\u00e9 de la nuit) et maintenant&nbsp;Anna\u00efg Le Meur*** (d\u00e9put\u00e9e LREM du&nbsp;Finist\u00e8re) et Gilles Le Gendre*** (d\u00e9put\u00e9 LREM de Paris).&nbsp;<\/p>\r\nSuite \u00e0 notre article et l&rsquo;envoi d&rsquo;<a href=\"https:\/\/www.reseau-vivre-la-ville.fr\/wp-content\/uploads\/2019\/11\/2019-12-03_mail_deputes_amendement_lemeur.pdf\"target=\"_blank\">un message \u00e0 tous les d\u00e9put\u00e9s<\/a>, Anna\u00efg Le Meur nous a adress\u00e9 un message qui ne nous a pas convaincus et qui nous a m\u00eame confort\u00e9s dans notre analyse (<a href=\"https:\/\/www.reseau-vivre-la-ville.fr\/?p=2504\" target=\"_blank\" rel=\"noopener noreferrer\">Anna\u00efg Le Meur d\u00e9fend \u00ab\u00a0son\u00a0\u00bb amendement sur l&rsquo;ant\u00e9riorit\u00e9<\/a>)\r\n\r\n\r\n<p>Ils demandent que <a href=\"https:\/\/www.legifrance.gouv.fr\/affichCodeArticle.do?idArticle=LEGIARTI000006824237&amp;cidTexte=LEGITEXT000006074096&amp;dateTexte=20030703\">l&rsquo;article L112-16 du code&nbsp;de la construction et de l&rsquo;habitation<\/a> soit modifi\u00e9.&nbsp;Que dit cet article? \u00ab\u00a0<em>Les dommages caus\u00e9s aux occupants d&rsquo;un b\u00e2timent par des&nbsp;<strong>nuisances dues \u00e0 des activit\u00e9s agricoles, industrielles, artisanales, commerciales ou a\u00e9ronautiques<\/strong>, n&rsquo;entra\u00eenent pas droit \u00e0 r\u00e9paration lorsque le permis de construire aff\u00e9rent au b\u00e2timent expos\u00e9 \u00e0 ces nuisances a \u00e9t\u00e9 demand\u00e9 ou l&rsquo;acte authentique constatant l&rsquo;ali\u00e9nation ou la prise de bail \u00e9tabli post\u00e9rieurement \u00e0 l&rsquo;existence des activit\u00e9s les occasionnant d\u00e8s lors que ces activit\u00e9s s&rsquo;exercent en conformit\u00e9 avec les dispositions l\u00e9gislatives ou r\u00e9glementaires en&nbsp;<\/em>vigueur et qu&rsquo;elles se sont poursuivies dans les m\u00eames conditions.\u00a0\u00bb<\/p>\r\n\r\n\r\n\r\n<p>Le diable se cachant dans le d\u00e9tail, la modification semble anodine. Ils veulent que soient ajout\u00e9s trois mots \u00e0 cet&nbsp;article:&nbsp;\u00ab\u00a0<strong><em>touristiques, culturelles, sportives<\/em><\/strong>\u00ab\u00a0.<\/p>\r\n\r\n\r\n\r\n<p>Il s&rsquo;agit du principe de la \u00ab\u00a0pr\u00e9-occupation\u00a0\u00bb ou de l&rsquo;ant\u00e9riorit\u00e9. <strong>Quel impact pour les habitants des villes? Ils ne pourront plus se plaindre si un \u00e9tablissement g\u00e9n\u00e8re des nuisances sonores d\u00e8s lors que le fauteur de trouble sera install\u00e9 avant l&rsquo;arriv\u00e9e de l&rsquo;habitant victime de ces nuisances.&nbsp;<\/strong><\/p>\r\n\r\n\r\n\r\n<p>Les arguments avanc\u00e9s par ces \u00e9lus repr\u00e9sentants du peuple dans leur <a rel=\"noreferrer noopener\" aria-label=\"proposition de loi (s\u2019ouvre dans un nouvel onglet)\" href=\"http:\/\/www.assemblee-nationale.fr\/15\/propositions\/pion2421.asp\" target=\"_blank\">proposition de loi<\/a> laissent r\u00eaveurs : \u00ab\u00a0\u2026&nbsp;<em>les relations juridiques qui s\u2019\u00e9tablissent entre acteurs de la nuit apparaissent singuli\u00e8rement d\u00e9s\u00e9quilibr\u00e9es. Les riverains disposent de tout un arsenal juridique afin de faire valoir leur droit l\u00e9gitime \u00e0 la tranquillit\u00e9 et au sommeil&nbsp;: infraction de tapage nocturne, r\u00e9paration des troubles anormaux du voisinage, signalement aupr\u00e8s des services de mairie\u2026 Pour autant, ces outils ne sont pas toujours utilis\u00e9s \u00e0 bon escient et un exploitant de bonne foi se trouve parfois totalement d\u00e9muni face aux proc\u00e9dures infond\u00e9es ou malveillantes<\/em>.\u00a0\u00bb<\/p>\r\n\r\n\r\n\r\n<p>Il est assez \u00e9vident que ces deux d\u00e9put\u00e9s n&rsquo;ont jamais eu \u00e0 souffrir des nuisances sonores g\u00e9n\u00e9r\u00e9es par un bar sous leurs fen\u00eatres et qu&rsquo;ils n&rsquo;ont jamais eu \u00e0 essuyer le refus du commissariat de prendre leur plainte, \u00e0 attendre en vain l&rsquo;intervention de la police suite \u00e0 leur appel au milieu de la nuit car dans l&rsquo;impossibilit\u00e9 de dormir, \u00e0 se faire menacer par des exploitants de bars ind\u00e9licats\u2026&nbsp;<\/p>\r\n\r\n\r\n\r\n<p>Sur <a rel=\"noreferrer noopener\" aria-label=\"le site de l'Assembl\u00e9e Nationale (s\u2019ouvre dans un nouvel onglet)\" href=\"http:\/\/www2.assemblee-nationale.fr\/decouvrir-l-assemblee\/folder\/les-deputes\/le-mandat-parlementaire\/quel-est-le-sens-du-mandat-parlementaire-representer-la-nation-exprimer-la-volonte-generale-relayer-les-demandes-des-electeurs\" target=\"_blank\">le site de l&rsquo;Assembl\u00e9e Nationale<\/a> il est pr\u00e9cis\u00e9 que \u00ab\u00a0<em>chaque d\u00e9put\u00e9, bien qu&rsquo;\u00e9lu dans un cadre g\u00e9ographique d\u00e9termin\u00e9, est&nbsp;<strong>le repr\u00e9sentant de la Nation tout enti\u00e8re<\/strong>. Ainsi, \u00e0 l&rsquo;Assembl\u00e9e nationale et dans sa circonscription, chaque d\u00e9put\u00e9 agit et parle&nbsp;<strong>au nom de l&rsquo;int\u00e9r\u00eat g\u00e9n\u00e9ral et non pas au nom d&rsquo;un parti politique, d&rsquo;un groupe d&rsquo;int\u00e9r\u00eat<\/strong> ou d&rsquo;une r\u00e9gion<\/em>.\u00a0\u00bb<\/p>\r\n\r\n\r\n\r\n<p><strong>Il semble donc que la nature de leur mandat de d\u00e9put\u00e9 ait \u00e9chapp\u00e9e \u00e0 Mmes Mazetier et Le Meur ainsi qu&rsquo;\u00e0 M. Le Gendre.<\/strong> <strong>En faisant cette proposition de loi, ces d\u00e9put\u00e9s ne repr\u00e9sentent pas la Nation toute enti\u00e8re et ne parlent pas au nom de l&rsquo;int\u00e9r\u00eat g\u00e9n\u00e9ral.<\/strong> Ils agissent au service du lobby des bars qui se targue dans <a rel=\"noreferrer noopener\" aria-label=\"Ouest France (s\u2019ouvre dans un nouvel onglet)\" href=\"https:\/\/www.ouest-france.fr\/pays-de-la-loire\/nantes-44000\/nantes-une-loi-protegera-les-cafes-concerts-8a9dd070-0e0b-11ea-bbfa-aae5e1764f67\" target=\"_blank\">Ouest France<\/a> de leur avoir r\u00e9dig\u00e9 ce texte (!). <a href=\"https:\/\/www.reseau-vivre-paris.fr\/wp-content\/uploads\/2019\/11\/1457.pdf\" target=\"_blank\" rel=\"noreferrer noopener\" aria-label=\" (s\u2019ouvre dans un nouvel onglet)\">L&rsquo;amendement<\/a> a \u00e9t\u00e9 adopt\u00e9 mais la loi n&rsquo;est pas encore vot\u00e9e.&nbsp;<\/p>\r\n\r\n\r\n\r\n<p><strong><font color=\"red\">Le R\u00e9seau Vivre Paris! et le R\u00e9seau Vivre la Ville!,&nbsp;avec toutes leurs associations adh\u00e9rentes \u00e0 Paris comme dans toute la France,&nbsp;feront tout ce qui est en leur pouvoir pour que cet amendement&nbsp;\u00ab\u00a0mercantile\u00a0\u00bb&nbsp;ne voie jamais le jour.&nbsp;Mais les vieilles lunes ont d\u00e9cid\u00e9ment la peau dure&nbsp;!!!<\/font><\/strong><\/p>\r\n\r\n\r\n\r\n<p>Lire nos articles pr\u00e9c\u00e9dents sur le principe d&rsquo;ant\u00e9riorit\u00e9 que nous combattons depuis des ann\u00e9es:<\/p>\r\n\r\n\r\n\r\n<ul class=\"wp-block-list\"><li><a href=\"https:\/\/www.reseau-vivre-paris.fr\/2016\/12\/enquete-sur-limpossible-regle-de-lanteriorite\/\">Enqu\u00eate sur l\u2019impossible \u00ab\u00a0r\u00e8gle de l\u2019ant\u00e9riorit\u00e9\u00a0\u00bb<\/a> (24 d\u00e9cembre 2016)<\/li><\/ul>\r\n\r\n\r\n\r\n<ul class=\"wp-block-list\"><li><a rel=\"noreferrer noopener\" aria-label=\" (s\u2019ouvre dans un nouvel onglet)\" href=\"https:\/\/www.reseau-vivre-paris.fr\/2015\/11\/mensonges-sur-lanteriorite-pour-eviter-la-possible-reforme-de-la-gestion-des-nuisances-sonores-nocturnes\/\" target=\"_blank\">Mensonges sur \u00ab\u00a0l&rsquo;ant\u00e9riorit\u00e9\u00a0\u00bb pour \u00e9viter la possible r\u00e9forme de la gestion des nuisances sonores nocturnes<\/a> (3 novembre 2015)<\/li>\r\n\r\n\r\n<li><a href=\"https:\/\/www.reseau-vivre-la-ville.fr\/wp-content\/uploads\/2019\/09\/Presentation-Nussbaum-Penneau.pdf\" rel=\"noopener noreferrer\" target=\"_blank\">Les risques d\u2019un droit \u00e0 deux vitesses au d\u00e9triment des habitants<\/a>  (4\u00e8mes rencontres du R\u00e9seau Europ\u00e9en \u00ab\u00a0Vivre la Ville!\u00a0\u00bb, Bruxelles, 23-25 mars 2018)<\/li><\/ul>\r\n\r\n\r\n<hr class=\"wp-block-separator\"\/>\r\n\r\n\r\n\r\n<p>* <a rel=\"noreferrer noopener\" aria-label=\"proposition de loi pour une&nbsp;urbanit\u00e9&nbsp;r\u00e9ussie, de jour comme de nuit (s\u2019ouvre dans un nouvel onglet)\" href=\"http:\/\/www.assemblee-nationale.fr\/13\/propositions\/pion3693.asp\" target=\"_blank\">proposition de loi pour une&nbsp;urbanit\u00e9&nbsp;r\u00e9ussie, de jour comme de nuit<\/a> (sic!) du 13 juillet 2011<\/p>\r\n\r\n\r\n\r\n<p>** notre article du 5 d\u00e9cembre 2017 : <a rel=\"noreferrer noopener\" aria-label=\"Selon traxmag Fr\u00e9d\u00e9ric Hocquard &quot;planche sur un principe d\u2019ant\u00e9riorit\u00e9&quot; (s\u2019ouvre dans un nouvel onglet)\" href=\"https:\/\/www.reseau-vivre-paris.fr\/2017\/12\/selon-traxmag-frederic-hocquard-planche-sur-un-principe-danteriorite\/\" target=\"_blank\">Selon traxmag Fr\u00e9d\u00e9ric Hocquard \u00ab\u00a0planche sur un principe d\u2019ant\u00e9riorit\u00e9\u00a0\u00bb<\/a><\/p>\r\n\r\n\r\n\r\n<p>*** <a rel=\"noreferrer noopener\" aria-label=\"proposition de loi&nbsp;visant \u00e0&nbsp;mieux prot\u00e9ger&nbsp;les&nbsp;activit\u00e9s&nbsp;sportives,&nbsp;culturelles&nbsp;et&nbsp;touristiques&nbsp;d\u00e9j\u00e0 existantes (s\u2019ouvre dans un nouvel onglet)\" href=\"http:\/\/www.assemblee-nationale.fr\/15\/propositions\/pion2421.asp\" target=\"_blank\">proposition de loi&nbsp;visant \u00e0&nbsp;mieux prot\u00e9ger&nbsp;les&nbsp;activit\u00e9s&nbsp;sportives,&nbsp;culturelles&nbsp;et&nbsp;touristiques&nbsp;d\u00e9j\u00e0 existantes<\/a> du 19 novembre 2019<\/p>\r\n","protected":false},"excerpt":{"rendered":"<p>Depuis des ann\u00e9es le lobby des bars et leurs alli\u00e9s tentent de faire modifier le cadre l\u00e9gislatif en mati\u00e8re de nuisances sonores. C\u00f4t\u00e9 lobby nous trouvons Culture Bar-Bars et c\u00f4t\u00e9 politique tout d&rsquo;abord Sandrine Mazetier* (d\u00e9put\u00e9e PS de Paris), Fr\u00e9d\u00e9ric Hocquard** (maire-adjoint de Paris PS charg\u00e9 de la nuit) et maintenant&nbsp;Anna\u00efg Le Meur*** (d\u00e9put\u00e9e LREM [&hellip;]<\/p>\n","protected":false},"author":7,"featured_media":0,"comment_status":"open","ping_status":"open","sticky":false,"template":"","format":"standard","meta":{"_monsterinsights_skip_tracking":false,"_monsterinsights_sitenote_active":false,"_monsterinsights_sitenote_note":"","_monsterinsights_sitenote_category":0,"footnotes":""},"categories":[2],"tags":[23,24,22,5],"class_list":["post-2494","post","type-post","status-publish","format-standard","hentry","category-actualites","tag-le-gendre","tag-le-meur","tag-mazetier","tag-nuisances-sonores","post-preview"],"yoast_head":"<!-- This site is optimized with the Yoast SEO plugin v27.3 - https:\/\/yoast.com\/product\/yoast-seo-wordpress\/ -->\n<title>Des d\u00e9put\u00e9s au service du lobby des bars - R\u00e9seau Vivre la Ville<\/title>\n<meta name=\"robots\" content=\"index, follow, max-snippet:-1, max-image-preview:large, max-video-preview:-1\" \/>\n<link rel=\"canonical\" href=\"https:\/\/www.reseau-vivre-la-ville.fr\/?p=2494\" \/>\n<meta property=\"og:locale\" content=\"fr_FR\" \/>\n<meta property=\"og:type\" content=\"article\" \/>\n<meta property=\"og:title\" content=\"Des d\u00e9put\u00e9s au service du lobby des bars - R\u00e9seau Vivre la Ville\" \/>\n<meta property=\"og:description\" content=\"Depuis des ann\u00e9es le lobby des bars et leurs alli\u00e9s tentent de faire modifier le cadre l\u00e9gislatif en mati\u00e8re de nuisances sonores. C\u00f4t\u00e9 lobby nous trouvons Culture Bar-Bars et c\u00f4t\u00e9 politique tout d&rsquo;abord Sandrine Mazetier* (d\u00e9put\u00e9e PS de Paris), Fr\u00e9d\u00e9ric Hocquard** (maire-adjoint de Paris PS charg\u00e9 de la nuit) et maintenant&nbsp;Anna\u00efg Le Meur*** (d\u00e9put\u00e9e LREM [&hellip;]\" \/>\n<meta property=\"og:url\" content=\"https:\/\/www.reseau-vivre-la-ville.fr\/?p=2494\" \/>\n<meta property=\"og:site_name\" content=\"R\u00e9seau Vivre la Ville\" \/>\n<meta property=\"article:publisher\" content=\"https:\/\/www.facebook.com\/vivrelaville\/\" \/>\n<meta property=\"article:published_time\" content=\"2019-11-29T18:14:24+00:00\" \/>\n<meta property=\"article:modified_time\" content=\"2020-10-29T08:22:31+00:00\" \/>\n<meta property=\"og:image\" content=\"https:\/\/www.reseau-vivre-la-ville.fr\/wp-content\/uploads\/2019\/11\/oberkampf-300x225.png\" \/>\n<meta name=\"author\" content=\"R\u00e9seau Vivre la Ville\" \/>\n<meta name=\"twitter:card\" content=\"summary_large_image\" \/>\n<meta name=\"twitter:label1\" content=\"\u00c9crit par\" \/>\n\t<meta name=\"twitter:data1\" content=\"R\u00e9seau Vivre la Ville\" \/>\n\t<meta name=\"twitter:label2\" content=\"Dur\u00e9e de lecture estim\u00e9e\" \/>\n\t<meta name=\"twitter:data2\" content=\"4 minutes\" \/>\n<script type=\"application\/ld+json\" class=\"yoast-schema-graph\">{\"@context\":\"https:\\\/\\\/schema.org\",\"@graph\":[{\"@type\":\"Article\",\"@id\":\"https:\\\/\\\/www.reseau-vivre-la-ville.fr\\\/?p=2494#article\",\"isPartOf\":{\"@id\":\"https:\\\/\\\/www.reseau-vivre-la-ville.fr\\\/?p=2494\"},\"author\":{\"name\":\"R\u00e9seau Vivre la Ville\",\"@id\":\"https:\\\/\\\/www.reseau-vivre-la-ville.fr\\\/#\\\/schema\\\/person\\\/ff6d52b376945d96d4e5a13eb3aa1ea7\"},\"headline\":\"Des d\u00e9put\u00e9s au service du lobby des bars\",\"datePublished\":\"2019-11-29T18:14:24+00:00\",\"dateModified\":\"2020-10-29T08:22:31+00:00\",\"mainEntityOfPage\":{\"@id\":\"https:\\\/\\\/www.reseau-vivre-la-ville.fr\\\/?p=2494\"},\"wordCount\":925,\"commentCount\":0,\"image\":{\"@id\":\"https:\\\/\\\/www.reseau-vivre-la-ville.fr\\\/?p=2494#primaryimage\"},\"thumbnailUrl\":\"https:\\\/\\\/www.reseau-vivre-la-ville.fr\\\/wp-content\\\/uploads\\\/2019\\\/11\\\/oberkampf-300x225.png\",\"keywords\":[\"Le Gendre\",\"Le Meur\",\"Mazetier\",\"nuisances sonores\"],\"articleSection\":[\"Actualit\u00e9s\"],\"inLanguage\":\"fr-FR\",\"potentialAction\":[{\"@type\":\"CommentAction\",\"name\":\"Comment\",\"target\":[\"https:\\\/\\\/www.reseau-vivre-la-ville.fr\\\/?p=2494#respond\"]}]},{\"@type\":\"WebPage\",\"@id\":\"https:\\\/\\\/www.reseau-vivre-la-ville.fr\\\/?p=2494\",\"url\":\"https:\\\/\\\/www.reseau-vivre-la-ville.fr\\\/?p=2494\",\"name\":\"Des d\u00e9put\u00e9s au service du lobby des bars - R\u00e9seau Vivre la Ville\",\"isPartOf\":{\"@id\":\"https:\\\/\\\/www.reseau-vivre-la-ville.fr\\\/#website\"},\"primaryImageOfPage\":{\"@id\":\"https:\\\/\\\/www.reseau-vivre-la-ville.fr\\\/?p=2494#primaryimage\"},\"image\":{\"@id\":\"https:\\\/\\\/www.reseau-vivre-la-ville.fr\\\/?p=2494#primaryimage\"},\"thumbnailUrl\":\"https:\\\/\\\/www.reseau-vivre-la-ville.fr\\\/wp-content\\\/uploads\\\/2019\\\/11\\\/oberkampf-300x225.png\",\"datePublished\":\"2019-11-29T18:14:24+00:00\",\"dateModified\":\"2020-10-29T08:22:31+00:00\",\"author\":{\"@id\":\"https:\\\/\\\/www.reseau-vivre-la-ville.fr\\\/#\\\/schema\\\/person\\\/ff6d52b376945d96d4e5a13eb3aa1ea7\"},\"breadcrumb\":{\"@id\":\"https:\\\/\\\/www.reseau-vivre-la-ville.fr\\\/?p=2494#breadcrumb\"},\"inLanguage\":\"fr-FR\",\"potentialAction\":[{\"@type\":\"ReadAction\",\"target\":[\"https:\\\/\\\/www.reseau-vivre-la-ville.fr\\\/?p=2494\"]}]},{\"@type\":\"ImageObject\",\"inLanguage\":\"fr-FR\",\"@id\":\"https:\\\/\\\/www.reseau-vivre-la-ville.fr\\\/?p=2494#primaryimage\",\"url\":\"https:\\\/\\\/www.reseau-vivre-la-ville.fr\\\/wp-content\\\/uploads\\\/2019\\\/11\\\/oberkampf.png\",\"contentUrl\":\"https:\\\/\\\/www.reseau-vivre-la-ville.fr\\\/wp-content\\\/uploads\\\/2019\\\/11\\\/oberkampf.png\",\"width\":500,\"height\":375},{\"@type\":\"BreadcrumbList\",\"@id\":\"https:\\\/\\\/www.reseau-vivre-la-ville.fr\\\/?p=2494#breadcrumb\",\"itemListElement\":[{\"@type\":\"ListItem\",\"position\":1,\"name\":\"Accueil\",\"item\":\"https:\\\/\\\/www.reseau-vivre-la-ville.fr\\\/\"},{\"@type\":\"ListItem\",\"position\":2,\"name\":\"Des d\u00e9put\u00e9s au service du lobby des bars\"}]},{\"@type\":\"WebSite\",\"@id\":\"https:\\\/\\\/www.reseau-vivre-la-ville.fr\\\/#website\",\"url\":\"https:\\\/\\\/www.reseau-vivre-la-ville.fr\\\/\",\"name\":\"R\u00e9seau Vivre la Ville\",\"description\":\"\",\"potentialAction\":[{\"@type\":\"SearchAction\",\"target\":{\"@type\":\"EntryPoint\",\"urlTemplate\":\"https:\\\/\\\/www.reseau-vivre-la-ville.fr\\\/?s={search_term_string}\"},\"query-input\":{\"@type\":\"PropertyValueSpecification\",\"valueRequired\":true,\"valueName\":\"search_term_string\"}}],\"inLanguage\":\"fr-FR\"},{\"@type\":\"Person\",\"@id\":\"https:\\\/\\\/www.reseau-vivre-la-ville.fr\\\/#\\\/schema\\\/person\\\/ff6d52b376945d96d4e5a13eb3aa1ea7\",\"name\":\"R\u00e9seau Vivre la Ville\",\"image\":{\"@type\":\"ImageObject\",\"inLanguage\":\"fr-FR\",\"@id\":\"https:\\\/\\\/secure.gravatar.com\\\/avatar\\\/0051eff0a7375f9badfbe2beaa48e588416a94053cda51fd9be611d4f09c40ea?s=96&d=mm&r=g\",\"url\":\"https:\\\/\\\/secure.gravatar.com\\\/avatar\\\/0051eff0a7375f9badfbe2beaa48e588416a94053cda51fd9be611d4f09c40ea?s=96&d=mm&r=g\",\"contentUrl\":\"https:\\\/\\\/secure.gravatar.com\\\/avatar\\\/0051eff0a7375f9badfbe2beaa48e588416a94053cda51fd9be611d4f09c40ea?s=96&d=mm&r=g\",\"caption\":\"R\u00e9seau Vivre la Ville\"},\"sameAs\":[\"https:\\\/\\\/www.reseau-vivre-la-ville.fr\\\/\"]}]}<\/script>\n<!-- \/ Yoast SEO plugin. -->","yoast_head_json":{"title":"Des d\u00e9put\u00e9s au service du lobby des bars - R\u00e9seau Vivre la Ville","robots":{"index":"index","follow":"follow","max-snippet":"max-snippet:-1","max-image-preview":"max-image-preview:large","max-video-preview":"max-video-preview:-1"},"canonical":"https:\/\/www.reseau-vivre-la-ville.fr\/?p=2494","og_locale":"fr_FR","og_type":"article","og_title":"Des d\u00e9put\u00e9s au service du lobby des bars - R\u00e9seau Vivre la Ville","og_description":"Depuis des ann\u00e9es le lobby des bars et leurs alli\u00e9s tentent de faire modifier le cadre l\u00e9gislatif en mati\u00e8re de nuisances sonores. C\u00f4t\u00e9 lobby nous trouvons Culture Bar-Bars et c\u00f4t\u00e9 politique tout d&rsquo;abord Sandrine Mazetier* (d\u00e9put\u00e9e PS de Paris), Fr\u00e9d\u00e9ric Hocquard** (maire-adjoint de Paris PS charg\u00e9 de la nuit) et maintenant&nbsp;Anna\u00efg Le Meur*** (d\u00e9put\u00e9e LREM [&hellip;]","og_url":"https:\/\/www.reseau-vivre-la-ville.fr\/?p=2494","og_site_name":"R\u00e9seau Vivre la Ville","article_publisher":"https:\/\/www.facebook.com\/vivrelaville\/","article_published_time":"2019-11-29T18:14:24+00:00","article_modified_time":"2020-10-29T08:22:31+00:00","og_image":[{"url":"https:\/\/www.reseau-vivre-la-ville.fr\/wp-content\/uploads\/2019\/11\/oberkampf-300x225.png","type":"","width":"","height":""}],"author":"R\u00e9seau Vivre la Ville","twitter_card":"summary_large_image","twitter_misc":{"\u00c9crit par":"R\u00e9seau Vivre la Ville","Dur\u00e9e de lecture estim\u00e9e":"4 minutes"},"schema":{"@context":"https:\/\/schema.org","@graph":[{"@type":"Article","@id":"https:\/\/www.reseau-vivre-la-ville.fr\/?p=2494#article","isPartOf":{"@id":"https:\/\/www.reseau-vivre-la-ville.fr\/?p=2494"},"author":{"name":"R\u00e9seau Vivre la Ville","@id":"https:\/\/www.reseau-vivre-la-ville.fr\/#\/schema\/person\/ff6d52b376945d96d4e5a13eb3aa1ea7"},"headline":"Des d\u00e9put\u00e9s au service du lobby des bars","datePublished":"2019-11-29T18:14:24+00:00","dateModified":"2020-10-29T08:22:31+00:00","mainEntityOfPage":{"@id":"https:\/\/www.reseau-vivre-la-ville.fr\/?p=2494"},"wordCount":925,"commentCount":0,"image":{"@id":"https:\/\/www.reseau-vivre-la-ville.fr\/?p=2494#primaryimage"},"thumbnailUrl":"https:\/\/www.reseau-vivre-la-ville.fr\/wp-content\/uploads\/2019\/11\/oberkampf-300x225.png","keywords":["Le Gendre","Le Meur","Mazetier","nuisances sonores"],"articleSection":["Actualit\u00e9s"],"inLanguage":"fr-FR","potentialAction":[{"@type":"CommentAction","name":"Comment","target":["https:\/\/www.reseau-vivre-la-ville.fr\/?p=2494#respond"]}]},{"@type":"WebPage","@id":"https:\/\/www.reseau-vivre-la-ville.fr\/?p=2494","url":"https:\/\/www.reseau-vivre-la-ville.fr\/?p=2494","name":"Des d\u00e9put\u00e9s au service du lobby des bars - R\u00e9seau Vivre la Ville","isPartOf":{"@id":"https:\/\/www.reseau-vivre-la-ville.fr\/#website"},"primaryImageOfPage":{"@id":"https:\/\/www.reseau-vivre-la-ville.fr\/?p=2494#primaryimage"},"image":{"@id":"https:\/\/www.reseau-vivre-la-ville.fr\/?p=2494#primaryimage"},"thumbnailUrl":"https:\/\/www.reseau-vivre-la-ville.fr\/wp-content\/uploads\/2019\/11\/oberkampf-300x225.png","datePublished":"2019-11-29T18:14:24+00:00","dateModified":"2020-10-29T08:22:31+00:00","author":{"@id":"https:\/\/www.reseau-vivre-la-ville.fr\/#\/schema\/person\/ff6d52b376945d96d4e5a13eb3aa1ea7"},"breadcrumb":{"@id":"https:\/\/www.reseau-vivre-la-ville.fr\/?p=2494#breadcrumb"},"inLanguage":"fr-FR","potentialAction":[{"@type":"ReadAction","target":["https:\/\/www.reseau-vivre-la-ville.fr\/?p=2494"]}]},{"@type":"ImageObject","inLanguage":"fr-FR","@id":"https:\/\/www.reseau-vivre-la-ville.fr\/?p=2494#primaryimage","url":"https:\/\/www.reseau-vivre-la-ville.fr\/wp-content\/uploads\/2019\/11\/oberkampf.png","contentUrl":"https:\/\/www.reseau-vivre-la-ville.fr\/wp-content\/uploads\/2019\/11\/oberkampf.png","width":500,"height":375},{"@type":"BreadcrumbList","@id":"https:\/\/www.reseau-vivre-la-ville.fr\/?p=2494#breadcrumb","itemListElement":[{"@type":"ListItem","position":1,"name":"Accueil","item":"https:\/\/www.reseau-vivre-la-ville.fr\/"},{"@type":"ListItem","position":2,"name":"Des d\u00e9put\u00e9s au service du lobby des bars"}]},{"@type":"WebSite","@id":"https:\/\/www.reseau-vivre-la-ville.fr\/#website","url":"https:\/\/www.reseau-vivre-la-ville.fr\/","name":"R\u00e9seau Vivre la Ville","description":"","potentialAction":[{"@type":"SearchAction","target":{"@type":"EntryPoint","urlTemplate":"https:\/\/www.reseau-vivre-la-ville.fr\/?s={search_term_string}"},"query-input":{"@type":"PropertyValueSpecification","valueRequired":true,"valueName":"search_term_string"}}],"inLanguage":"fr-FR"},{"@type":"Person","@id":"https:\/\/www.reseau-vivre-la-ville.fr\/#\/schema\/person\/ff6d52b376945d96d4e5a13eb3aa1ea7","name":"R\u00e9seau Vivre la Ville","image":{"@type":"ImageObject","inLanguage":"fr-FR","@id":"https:\/\/secure.gravatar.com\/avatar\/0051eff0a7375f9badfbe2beaa48e588416a94053cda51fd9be611d4f09c40ea?s=96&d=mm&r=g","url":"https:\/\/secure.gravatar.com\/avatar\/0051eff0a7375f9badfbe2beaa48e588416a94053cda51fd9be611d4f09c40ea?s=96&d=mm&r=g","contentUrl":"https:\/\/secure.gravatar.com\/avatar\/0051eff0a7375f9badfbe2beaa48e588416a94053cda51fd9be611d4f09c40ea?s=96&d=mm&r=g","caption":"R\u00e9seau Vivre la Ville"},"sameAs":["https:\/\/www.reseau-vivre-la-ville.fr\/"]}]}},"_links":{"self":[{"href":"https:\/\/www.reseau-vivre-la-ville.fr\/index.php?rest_route=\/wp\/v2\/posts\/2494","targetHints":{"allow":["GET"]}}],"collection":[{"href":"https:\/\/www.reseau-vivre-la-ville.fr\/index.php?rest_route=\/wp\/v2\/posts"}],"about":[{"href":"https:\/\/www.reseau-vivre-la-ville.fr\/index.php?rest_route=\/wp\/v2\/types\/post"}],"author":[{"embeddable":true,"href":"https:\/\/www.reseau-vivre-la-ville.fr\/index.php?rest_route=\/wp\/v2\/users\/7"}],"replies":[{"embeddable":true,"href":"https:\/\/www.reseau-vivre-la-ville.fr\/index.php?rest_route=%2Fwp%2Fv2%2Fcomments&post=2494"}],"version-history":[{"count":11,"href":"https:\/\/www.reseau-vivre-la-ville.fr\/index.php?rest_route=\/wp\/v2\/posts\/2494\/revisions"}],"predecessor-version":[{"id":2857,"href":"https:\/\/www.reseau-vivre-la-ville.fr\/index.php?rest_route=\/wp\/v2\/posts\/2494\/revisions\/2857"}],"wp:attachment":[{"href":"https:\/\/www.reseau-vivre-la-ville.fr\/index.php?rest_route=%2Fwp%2Fv2%2Fmedia&parent=2494"}],"wp:term":[{"taxonomy":"category","embeddable":true,"href":"https:\/\/www.reseau-vivre-la-ville.fr\/index.php?rest_route=%2Fwp%2Fv2%2Fcategories&post=2494"},{"taxonomy":"post_tag","embeddable":true,"href":"https:\/\/www.reseau-vivre-la-ville.fr\/index.php?rest_route=%2Fwp%2Fv2%2Ftags&post=2494"}],"curies":[{"name":"wp","href":"https:\/\/api.w.org\/{rel}","templated":true}]}}